{"id":10801,"date":"2026-09-02T21:50:00","date_gmt":"2026-09-02T19:50:00","guid":{"rendered":"https:\/\/erminas.com\/?p=10801"},"modified":"2026-09-02T21:50:02","modified_gmt":"2026-09-02T19:50:02","slug":"warum-wir-uns-der-oixio-group-anschliessen-und-was-das-fuer-unsere-kunden-bedeutet","status":"publish","type":"post","link":"https:\/\/erminas.com\/de\/blog\/warum-wir-uns-der-oixio-group-anschliessen-und-was-das-fuer-unsere-kunden-bedeutet\/","title":{"rendered":"Warum wir uns der OIXIO Group anschlie\u00dfen \u2013 und was das f\u00fcr unsere Kunden bedeutet"},"content":{"rendered":"\n<p class=\"wp-block-paragraph\">Es gibt Entscheidungen, die man aus einer Situation trifft und solche, die man mit Weitsicht trifft, weil man sieht, wohin die Reise geht. Unsere geh\u00f6rt in die zweite Kategorie. Seit dem 1. Juli 2026 ist die erminas GmbH Teil der OIXIO Group, und ab heute treten wir auch nach au\u00dfen so auf. Wir m\u00f6chten in diesem Beitrag erkl\u00e4ren, wie es dazu kam, warum wir das f\u00fcr den richtigen Schritt halten \u2013 und was sich f\u00fcr unsere Kunden konkret \u00e4ndert.<\/p>\n\n\n\n<h3 class=\"wp-block-heading\"><strong><strong>Der Ausgangspunkt: Ein Projekt beginnt heute nicht mehr an der Maschine<\/strong><\/strong><\/h3>\n\n\n\n<p class=\"wp-block-paragraph\">Als wir vor \u00fcber 19 Jahren angefangen haben, war ein IIoT-Projekt eine \u00fcberschaubare Angelegenheit: Daten aus einer Maschine holen, in ein System bringen, auswerten und in Prozesse integrieren. Heute sieht ein typisches Gespr\u00e4ch mit einem Fertigungsunternehmen anders aus. Es beginnt vielleicht mit \u201eWir wissen zu wenig \u00fcber unsere R\u00fcstzeiten&#8220; \u2013 und innerhalb von zwanzig Minuten sind wir bei Netzwerksegmentierung, bei der Frage, wer eigentlich den Fernzugriff auf die Steuerung absichert, bei NIS2, bei der Frage, ob die Daten in Azure oder im eigenen Rechenzentrum liegen sollen, und bei der Frage, ob man aus denselben Daten nicht auch gleich ein unternehmensweites Power-BI-Reporting bauen k\u00f6nnte.<\/p>\n\n\n\n<p class=\"wp-block-paragraph\">Das sind alles legitime Fragen. Sie h\u00e4ngen sachlich zusammen. Und sie zeigen ein Muster, das sich in den letzten Jahren verst\u00e4rkt hat: Die Grenze zwischen OT, IT und Security ist praktisch verschwunden. Wer die eine Seite bearbeitet, muss die andere mindestens verstehen.<\/p>\n\n\n\n<p class=\"wp-block-paragraph\">Wir haben darauf lange mit Partnernetzwerken reagiert. Das funktioniert \u2013 bis zu einem gewissen Punkt. Ab einer bestimmten Projektgr\u00f6\u00dfe, und erst recht bei internationalen Roll-outs \u00fcber mehrere Werke hinweg, wird die Koordination zwischen mehreren unabh\u00e4ngigen Dienstleistern zum eigentlichen Projektrisiko. Kunden merken das. Und sie fragen zunehmend nach einem Ansprechpartner, der die Verantwortung f\u00fcr das Gesamtbild \u00fcbernimmt.<\/p>\n\n\n\n<h3 class=\"wp-block-heading\"><strong>Wo das Spektrum \u00fcber unser Kerngesch\u00e4ft hinausgeht<\/strong><\/h3>\n\n\n\n<p class=\"wp-block-paragraph\">Sichere und performante Software zu bauen, ist bei uns seit jeher Standard. Unsere Produkte erPUB und erTRACE sind auf Sicherheit ausgelegt, und wir unterst\u00fctzen Kunden aktiv dabei, ihre Produkte Cyber-Resilience-Act-konform zu machen. Was heute dazukommt, liegt eine Ebene tiefer: Sichere Software entfaltet ihren vollen Wert erst auf einer ebenso sicheren Infrastruktur. Netzwerke sch\u00fctzen, Identit\u00e4ten managen, ein Security Operations Center betreiben, auf Vorf\u00e4lle reagieren \u2013 das ist eine eigene Disziplin mit eigenen Spezialisten und einem Betrieb rund um die Uhr.<\/p>\n\n\n\n<p class=\"wp-block-paragraph\">Diese Disziplin h\u00e4tten wir uns \u00fcber Jahre selbst aufbauen k\u00f6nnen. Schneller \u2013 und f\u00fcr unsere Kunden deutlich besser \u2013 ist es, sich mit einem Haus zusammenzutun, das darin seit Jahren zu den erfahrensten in Europa geh\u00f6rt.<\/p>\n\n\n\n<h3 class=\"wp-block-heading\"><strong>Warum ausgerechnet Estland<\/strong><\/h3>\n\n\n\n<p class=\"wp-block-paragraph\">Kennengelernt haben wir uns auf der Hannover Messe 2025. Aus einem Messegespr\u00e4ch wurde ein l\u00e4ngerer Austausch, aus dem Austausch eine Absichtserkl\u00e4rung gemeinsam Synergien zu nutzen, die wir im April 2026 \u2013 wieder auf der Hannover Messe \u2013 unterzeichnet haben.<\/p>\n\n\n\n<p class=\"wp-block-paragraph\">Dass es ein estnisches Unternehmen wurde, ist kein Zufall. Estland ist das Land, das seine Verwaltung praktisch vollst\u00e4ndig digitalisiert hat. Es ist auch das Land, das 2007 einen der ersten gro\u00dffl\u00e4chigen staatlich zugeschriebenen Cyberangriffe auf ein ganzes Land erlebt hat und daraus Konsequenzen gezogen hat. Die NATO betreibt in Tallinn ihr Cyber Defence Centre of Excellence. In Estland und Litauen ist Cyber Security keine Compliance-\u00dcbung, sondern gelebte Praxis unter realem Druck \u2013 Beh\u00f6rden und Unternehmen dort stehen unter permanenten Cyber-Angriffen.<\/p>\n\n\n\n<p class=\"wp-block-paragraph\">Dieses Erfahrungsniveau kann man in Deutschland kaufen, aber selten in dieser Dichte. F\u00fcr unsere Kunden im industriellen Mittelstand ist das ein handfester Vorteil.<\/p>\n\n\n\n<p class=\"wp-block-paragraph\">Vieles von dem, was bei einer ausl\u00e4ndischen Beteiligung sonst Fragen aufwirft, stellt sich hier gar nicht erst. Estland ist seit 2004 EU-Mitglied, seit 2011 Teil der Eurozone, im Schengen-Raum und in der NATO. Es gilt dieselbe DSGVO\/GDPR, dasselbe europ\u00e4ische Vertrags- und Vergaberecht, dieselbe W\u00e4hrung. Daten bleiben in der EU, ein Drittlandtransfer ist schlicht kein Thema. Praktisch kommt hinzu: Tallinn liegt gut zwei Flugstunden entfernt, bei einer Stunde Zeitverschiebung. Der Arbeitstag \u00fcberlappt sich vollst\u00e4ndig \u2013 das ist in der internationalen Zusammenarbeit erfahrungsgem\u00e4\u00df mehr wert als jede Kostenrechnung.<\/p>\n\n\n\n<p class=\"wp-block-paragraph\">Der zweite Punkt ist der Digitalisierungsgrad des Landes selbst. Estland wickelt seine Verwaltung praktisch vollst\u00e4ndig online ab, die digitale Signatur ist der handschriftlichen rechtlich gleichgestellt, ein Beh\u00f6rdengang ist die Ausnahme. Dass die EU ausgerechnet Tallinn zum Sitz von eu-LISA gemacht hat \u2013 der Agentur, die den Betrieb ihrer gro\u00dfen IT-Systeme verantwortet, darunter die Technik hinter Schengen \u2013 ist kein Zufall. Ein Land, das seinen Staat digital betreibt, bringt Fachkr\u00e4fte hervor, f\u00fcr die Digitalisierung kein Projektthema ist, sondern Alltag.<\/p>\n\n\n\n<p class=\"wp-block-paragraph\">Die starke technische Kompetenz Estlands hat ein solides Fundament: Estnische Sch\u00fclerinnen und Sch\u00fcler erzielen bei den PISA-Studien regelm\u00e4\u00dfig europ\u00e4ische Spitzenwerte. Zugleich hat das Land mit nur rund 1,4 Millionen Einwohnern bemerkenswert viele erfolgreiche Technologieunternehmen wie Skype, Wise, Pipedrive und Bolt hervorgebracht. Diese Kombination aus hervorragender Ausbildung und ausgepr\u00e4gter Technologiekompetenz erleben wir auch in der Zusammenarbeit mit unseren estnischen Kolleginnen und Kollegen.<\/p>\n\n\n\n<p class=\"wp-block-paragraph\">Auch menschlich passt die Zusammenarbeit sehr gut. Esten und Norddeutsche verbindet ein \u00e4hnliches Temperament: eher zur\u00fcckhaltend und pragmatisch, mit einer direkten, verl\u00e4sslichen Art der Zusammenarbeit. Vielleicht ist diese N\u00e4he auch historisch gewachsen \u2013 Tallinn und Tartu waren Hansest\u00e4dte und \u00fcber Jahrhunderte eng mit dem norddeutschen Raum verbunden. F\u00fcr uns ist jedenfalls schnell deutlich geworden: Es passt nicht nur fachlich, sondern auch kulturell.<\/p>\n\n\n\n<h3 class=\"wp-block-heading\"><strong>Wer OIXIO ist<\/strong><\/h3>\n\n\n\n<p class=\"wp-block-paragraph\">Die OIXIO Group hat ihren Hauptsitz in Tallinn und besch\u00e4ftigt rund 300 Mitarbeitende an sieben Standorten in Estland (Tallinn, Tartu), Litauen (Vilnius, Kaunas) und Deutschland (Oldenburg, M\u00f6nchengladbach), dazu Mitarbeitende in weiteren europ\u00e4ischen L\u00e4ndern. \u00dcber 1.000 aktive Kunden werden in vier Bereichen betreut:<\/p>\n\n\n\n<ul class=\"wp-block-list\">\n<li><strong>Managed IT Services<\/strong> \u2013 Managed Workplace, Cloud-Infrastruktur (Microsoft 365, Dynamics 365, Azure), On-Premises-Infrastruktur, End-User-Support<\/li>\n\n\n\n<li><strong>Digital<\/strong> \u2013 Softwarel\u00f6sungen auf Microsoft-Basis: Dynamics 365 F&amp;O und Business Central, Azure, Power BI, Power Apps, Copilot und KI<\/li>\n\n\n\n<li><strong>Cyber Security<\/strong> \u2013 Audits, Aufbau und Betrieb sicherer Infrastrukturen, Anwenderschulungen, SOC-Betrieb, laufende Bedrohungslage-Berichte<\/li>\n\n\n\n<li><strong>Advisory<\/strong> \u2013 digitale Workflows und Prozesse, h\u00e4ufig der Startpunkt eines Kundenprojekts<\/li>\n<\/ul>\n\n\n\n<p class=\"wp-block-paragraph\">Der Leitsatz der Gruppe \u2013 Wir st\u00e4rken Unternehmen mit intelligenter Digitalisierung und IT-Services \u2013 deckt sich ziemlich genau mit dem, was wir seit jeher tun. Das bedeutete uns mehr als jede Zahl im Term Sheet.<\/p>\n\n\n\n<h3 class=\"wp-block-heading\"><strong>Was erminas in der Gruppe wird<\/strong><\/h3>\n\n\n\n<p class=\"wp-block-paragraph\">Wir sind innerhalb der OIXIO Group das Kompetenzzentrum f\u00fcr Industrial IoT und individuelle Business Applications. Das ist keine Floskel. Es bedeutet, dass unsere Expertise k\u00fcnftig nicht nur deutschen Kunden zur Verf\u00fcgung steht, sondern auch den \u00fcber 1.000 Kunden der Gruppe innerhalb und au\u00dferhalb Europas \u2013 und dass erPUB und erTRACE einen deutlich gr\u00f6\u00dferen Markt vor sich haben als bisher.<\/p>\n\n\n\n<p class=\"wp-block-paragraph\">Das Team bleibt in Oldenburg. Die Gesch\u00e4ftsf\u00fchrung bleibt. Die Art, wie wir arbeiten \u2013 nah am Kunden, vom Business Case her gedacht, nicht von der Technologie her \u2013 bleibt ebenfalls.<\/p>\n\n\n\n<h3 class=\"wp-block-heading\"><strong>Was Kunden ab sofort zus\u00e4tzlich bekommen<\/strong><\/h3>\n\n\n\n<p class=\"wp-block-paragraph\">F\u00fcr unsere bestehenden Kunden \u00e4ndert sich im laufenden Betrieb nichts: gleiche Ansprechpartner, gleiche Vertr\u00e4ge, gleiche Konditionen, gleicher Standort. Dazu kommt ein Portfolio, das bisher au\u00dferhalb unseres Kerngesch\u00e4fts lag:<\/p>\n\n\n\n<ul class=\"wp-block-list\">\n<li><strong>Cyber Security in der Breite<\/strong> \u2013 Vom Audit \u00fcber den Aufbau sicherer Infrastruktur bis zum 24\/7-SOC. F\u00fcr Unternehmen, die unter NIS2 fallen oder deren Produkte ab Dezember 2027 CRA-konform sein m\u00fcssen, ist das keine K\u00fcr mehr.<\/li>\n\n\n\n<li><strong>Managed IT Services<\/strong> \u2013 Wenn Sie wollen, kommt der Betrieb der Infrastruktur, aus derselben Hand wie die L\u00f6sung selbst. Sicher, zuverl\u00e4ssig und immer verf\u00fcgbar.<\/li>\n\n\n\n<li><strong>Microsoft in voller Breite<\/strong> \u2013 Bisher waren wir vor allem in Azure, Data &amp; AI, Digital &amp; App Innovation und Business Central zu Hause. Jetzt kommen die weiteren Bereiche, insb. Infrastruktur und Security hinzu.<\/li>\n\n\n\n<li><strong>Business Intelligence und KI<\/strong> \u2013 Die Daten aus der Produktion sind da. Die Reporting- und KI-Kapazit\u00e4t, um noch mehr aus ihnen zu machen, kommt jetzt aus der Gruppe dazu. Mehr dazu im n\u00e4chsten Abschnitt.<\/li>\n\n\n\n<li><strong>Advisory<\/strong> \u2013 Strukturierte Prozessberatung vor dem Projekt, nicht erst w\u00e4hrenddessen.<\/li>\n\n\n\n<li><strong>Internationale Roll-outs<\/strong> \u2013 Mit Teams in mehreren L\u00e4ndern und Erfahrung in weltweiten Projekten.<\/li>\n<\/ul>\n\n\n\n<p class=\"wp-block-paragraph\">Umgekehrt bekommen die Kunden der OIXIO Group Zugang zu Industrial IoT als neuem Leistungsbereich, zu deutschsprachigem Support vor Ort in Deutschland und zu individueller Software-Entwicklung f\u00fcr Web und Mobile.<\/p>\n\n\n\n<h3 class=\"wp-block-heading\"><strong>KI: Zwischen Ausprobieren und produktivem Einsatz liegt die eigentliche Arbeit<\/strong><\/h3>\n\n\n\n<p class=\"wp-block-paragraph\">Kaum ein Thema wird derzeit so breit genutzt und so selten zu Ende gedacht wie k\u00fcnstliche Intelligenz. In fast jedem Unternehmen, mit dem wir sprechen, gibt es inzwischen Copilot-Lizenzen, ein paar ChatGPT- und Claude-Zug\u00e4nge und mindestens eine Kollegin oder einen Kollegen, die etwas Beeindruckendes gebaut haben. Der Schritt von dort zu einem produktiven Einsatz, der messbar Zeit oder Geld spart, ist allerdings ein anderer \u2013 und er ist keine Modellfrage. Drei Punkte entscheiden dar\u00fcber:<\/p>\n\n\n\n<ul class=\"wp-block-list\">\n<li><strong>Bringt es tats\u00e4chlich etwas?<\/strong> Ein Assistent, der Texte formuliert, ist angenehm. Ein Assistent, der die St\u00f6rungsmeldungen der letzten drei Jahre kennt und dem Instandhalter beim Auftreten eines Fehlers die drei wahrscheinlichsten Ursachen samt Ersatzteilnummer nennt, ver\u00e4ndert einen Prozess. Der Unterschied liegt nicht im Modell, sondern darin, an welcher Stelle im Arbeitsablauf es sitzt und auf welche Daten es zugreift. Und damit an der Frage, ob diese Daten \u00fcberhaupt in verwertbarer Form vorliegen \u2013 genau der Punkt, an dem unsere IIoT-Projekte seit Jahren ansetzen.<\/li>\n\n\n\n<li><strong>Ist es integriert oder ein weiteres Fenster?<\/strong> KI, f\u00fcr die man die Anwendung wechseln muss, wird nach zwei Wochen nicht mehr benutzt. Nutzen entsteht dort, wo sie in Business Central sitzt, im Ticketsystem, in der Shopfloor-Oberfl\u00e4che oder im Dokumentenprozess \u2013 in dem Werkzeug, das ohnehin ge\u00f6ffnet ist.<\/li>\n\n\n\n<li><strong>Ist es sicher und nachvollziehbar?<\/strong> Welche Daten verlassen das Haus? Wer darf welche Antwort sehen? L\u00e4sst sich nachvollziehen, worauf eine Antwort beruht? Bei Produktions-, Personal- und Kundendaten ist das keine akademische Frage, sondern eine der Architektur \u2013 und damit auch eine Frage der Infrastruktur, auf der das Ganze l\u00e4uft.<\/li>\n<\/ul>\n\n\n\n<p class=\"wp-block-paragraph\">Genau an dieser Schnittstelle liegt der Nutzen des Zusammenschlusses. Wir bringen das Prozess- und Datenverst\u00e4ndnis aus der Fertigung mit und wissen aus den Business Applications, wo im Arbeitsablauf eine Funktion sitzen muss, damit sie auch benutzt wird. Aus der Gruppe kommen die Microsoft-Plattform in voller Breite \u2013 Azure, Power BI, Power Platform, Copilot \u2013, die Erfahrung aus einer gro\u00dfen Zahl von Daten- und KI-Projekten im und au\u00dferhalb des Baltikums und die Governance- und Security-Seite hinzu. Zusammen ergibt das ein Fundament, auf dem KI vom Experiment zum Werkzeug wird.<\/p>\n\n\n\n<p class=\"wp-block-paragraph\">Wir sagen unseren Kunden dabei bewusst auch, wo KI aktuell nicht die beste Antwort ist. Ein sauber automatisierter Prozess ist einem KI-Assistenten, der eine unklare Zust\u00e4ndigkeit \u00fcberbr\u00fcckt, in aller Regel \u00fcberlegen.<\/p>\n\n\n\n<h3 class=\"wp-block-heading\"><strong>Der Cyber Resilience Act als konkretes Beispiel<\/strong><\/h3>\n\n\n\n<p class=\"wp-block-paragraph\">Ein Thema, an dem sich der Nutzen gut zeigen l\u00e4sst: Der Cyber Resilience Act betrifft jedes Unternehmen, das Produkte mit digitalen Elementen in der EU in Verkehr bringt \u2013 und das sind im Maschinen- und Anlagenbau praktisch alle. Ab dem 11. September 2026 greifen die Meldepflichten f\u00fcr aktiv ausgenutzte Schwachstellen, ab dem 11. Dezember 2027 die vollen Anforderungen.<\/p>\n\n\n\n<p class=\"wp-block-paragraph\">Auf der Produktseite sind wir seit jeher zu Hause: sichere Entwicklung, SBOM, Schwachstellenmanagement, Dokumentation. Der zweite Teil der Aufgabe liegt im Betrieb \u2013 die Prozesse und die Infrastruktur, um eine Meldung innerhalb von 24 Stunden \u00fcberhaupt abzusetzen, und die \u00dcberwachung, um einen Vorfall rechtzeitig zu bemerken. Genau das bringt die Gruppe mit.<\/p>\n\n\n\n<h3 class=\"wp-block-heading\"><strong>Zum Schluss<\/strong><\/h3>\n\n\n\n<p class=\"wp-block-paragraph\">Ein Unternehmen zu verkaufen, das man 19 Jahre lang aufgebaut hat, ist keine beil\u00e4ufige Entscheidung. Wir haben sie getroffen, weil wir \u00fcberzeugt sind, dass unsere Kunden und unser Team davon profitieren \u2013 nicht obwohl, sondern weil wir uns ver\u00e4ndern. Die Alternative w\u00e4re gewesen, ein sp\u00fcrbar breiter gewordenes Anforderungsspektrum mit unver\u00e4ndertem Werkzeugkasten zu bedienen.<\/p>\n\n\n\n<p class=\"wp-block-paragraph\">Uns war besonders wichtig, dass wir an Bord bleiben. Nicht nur erminas ist jetzt Teil der OIXIO Gruppe, sondern wir sind es auch. Gemeinsam gestalten wir die Zukunft der Gruppe.<\/p>\n\n\n\n<p class=\"wp-block-paragraph\">Wenn Sie Fragen haben \u2013 zu Ihrem laufenden Projekt, zu den neuen M\u00f6glichkeiten, oder einfach dazu, wie sich das alles anf\u00fchlt \u2013 rufen Sie an. Die Nummer ist dieselbe geblieben.<\/p>\n\n\n\n<p class=\"wp-block-paragraph\"><strong>Hilmar Bunjes und Dr. Yvette Teiken Gesch\u00e4ftsf\u00fchrer, OIXIO erminas GmbH \u2013 Teil der OIXIO Group<\/strong><\/p>\n\n\n\n<p class=\"wp-block-paragraph\"><\/p>\n","protected":false},"excerpt":{"rendered":"<p>Es gibt Entscheidungen, die man aus einer Situation trifft und solche, die man mit Weitsicht trifft, weil man sieht, wohin die Reise geht. Unsere geh\u00f6rt in die zweite Kategorie. Seit dem 1. Juli 2026 ist die erminas GmbH Teil der OIXIO Group, und ab heute treten wir auch nach au\u00dfen so auf. Wir m\u00f6chten in [&hellip;]<\/p>\n","protected":false},"author":5,"featured_media":10804,"comment_status":"open","ping_status":"open","sticky":false,"template":"","format":"standard","meta":{"_seopress_titles_title":"","_seopress_titles_desc":"","_seopress_robots_index":"","_seopress_robots_follow":"","_seopress_robots_imageindex":"","_seopress_robots_snippet":"","_seopress_robots_primary_cat":"","_seopress_robots_breadcrumbs":"","_seopress_robots_freeze_modified_date":"","_seopress_robots_custom_modified_date":"","_seopress_robots_canonical":"","_seopress_social_fb_title":"","_seopress_social_fb_desc":"","_seopress_social_fb_img":"","_seopress_social_fb_img_attachment_id":0,"_seopress_social_fb_img_width":0,"_seopress_social_fb_img_height":0,"_seopress_social_twitter_title":"","_seopress_social_twitter_desc":"","_seopress_social_twitter_img":"","_seopress_social_twitter_img_attachment_id":0,"_seopress_social_twitter_img_width":0,"_seopress_social_twitter_img_height":0,"_seopress_redirections_value":"","_seopress_redirections_enabled":"","_seopress_redirections_enabled_regex":"","_seopress_redirections_logged_status":"","_seopress_redirections_param":"","_seopress_redirections_type":0,"_seopress_analysis_target_kw":"","_seopress_news_disabled":"","_seopress_video_disabled":"","_seopress_video":[],"_seopress_pro_schemas_manual":[],"_seopress_pro_rich_snippets_disable_all":"","_seopress_pro_rich_snippets_disable":[],"_seopress_pro_schemas":[],"iawp_total_views":35,"footnotes":""},"categories":[1,18],"tags":[],"class_list":["post-10801","post","type-post","status-publish","format-standard","has-post-thumbnail","hentry","category-erminas","category-erminas-en"],"_links":{"self":[{"href":"https:\/\/erminas.com\/de\/wp-json\/wp\/v2\/posts\/10801","targetHints":{"allow":["GET"]}}],"collection":[{"href":"https:\/\/erminas.com\/de\/wp-json\/wp\/v2\/posts"}],"about":[{"href":"https:\/\/erminas.com\/de\/wp-json\/wp\/v2\/types\/post"}],"author":[{"embeddable":true,"href":"https:\/\/erminas.com\/de\/wp-json\/wp\/v2\/users\/5"}],"replies":[{"embeddable":true,"href":"https:\/\/erminas.com\/de\/wp-json\/wp\/v2\/comments?post=10801"}],"version-history":[{"count":3,"href":"https:\/\/erminas.com\/de\/wp-json\/wp\/v2\/posts\/10801\/revisions"}],"predecessor-version":[{"id":10807,"href":"https:\/\/erminas.com\/de\/wp-json\/wp\/v2\/posts\/10801\/revisions\/10807"}],"wp:featuredmedia":[{"embeddable":true,"href":"https:\/\/erminas.com\/de\/wp-json\/wp\/v2\/media\/10804"}],"wp:attachment":[{"href":"https:\/\/erminas.com\/de\/wp-json\/wp\/v2\/media?parent=10801"}],"wp:term":[{"taxonomy":"category","embeddable":true,"href":"https:\/\/erminas.com\/de\/wp-json\/wp\/v2\/categories?post=10801"},{"taxonomy":"post_tag","embeddable":true,"href":"https:\/\/erminas.com\/de\/wp-json\/wp\/v2\/tags?post=10801"}],"curies":[{"name":"wp","href":"https:\/\/api.w.org\/{rel}","templated":true}]}}