{"id":10346,"date":"2026-02-20T12:00:29","date_gmt":"2026-02-20T11:00:29","guid":{"rendered":"https:\/\/erminas.com\/?p=10346"},"modified":"2026-03-05T09:41:35","modified_gmt":"2026-03-05T08:41:35","slug":"von-der-ausbildung-zum-kammersieger-im-gespraech-mit-franz","status":"publish","type":"post","link":"https:\/\/erminas.com\/de\/blog\/von-der-ausbildung-zum-kammersieger-im-gespraech-mit-franz\/","title":{"rendered":"Von der Ausbildung zum Kammersieger: Im Gespr\u00e4ch mit Franz"},"content":{"rendered":"\t\t<div data-elementor-type=\"wp-post\" data-elementor-id=\"10346\" class=\"elementor elementor-10346\" data-elementor-post-type=\"post\">\n\t\t\t\t<div class=\"elementor-element elementor-element-c46bd41 e-flex e-con-boxed e-con e-parent\" data-id=\"c46bd41\" data-element_type=\"container\" data-e-type=\"container\">\n\t\t\t\t\t<div class=\"e-con-inner\">\n\t\t\t\t<div class=\"elementor-element elementor-element-3deb9c4 elementor-widget elementor-widget-text-editor\" data-id=\"3deb9c4\" data-element_type=\"widget\" data-e-type=\"widget\" data-widget_type=\"text-editor.default\">\n\t\t\t\t<div class=\"elementor-widget-container\">\n\t\t\t\t\t\t\t\t\t<p data-renderer-start-pos=\"5119\" data-local-id=\"307414e3-0b79-445a-b6d9-475a6ac9a222\"><strong data-renderer-mark=\"true\">Wir haben Grund zum Feiern, denn unser Franz hat seine Ausbildung zum Fachinformatiker nicht nur bestanden. Er hat sie als Kammersieger der IHK Oldenburg abgeschlossen. Das bedeutet, er hat das beste Pr\u00fcfungsergebnis in seinem Ausbildungsberuf im gesamten Bezirk erzielt. Eine Wahnsinnsleistung!<\/strong><\/p><p data-renderer-start-pos=\"5416\" data-local-id=\"4757820b-4523-4367-b5a1-8fe29019f494\">Wir haben uns mit Franz zusammengesetzt und \u00fcber seinen Weg, die Ausbildung bei erminas und seine Tipps f\u00fcr zuk\u00fcnftige IT-Talente gesprochen.<\/p>\t\t\t\t\t\t\t\t<\/div>\n\t\t\t\t<\/div>\n\t\t\t\t<div class=\"elementor-element elementor-element-4fb614a elementor-widget elementor-widget-heading\" data-id=\"4fb614a\" data-element_type=\"widget\" data-e-type=\"widget\" data-widget_type=\"heading.default\">\n\t\t\t\t<div class=\"elementor-widget-container\">\n\t\t\t\t\t<h2 class=\"elementor-heading-title elementor-size-default\">Der Weg zum Erfolg<\/h2>\t\t\t\t<\/div>\n\t\t\t\t<\/div>\n\t\t\t\t<div class=\"elementor-element elementor-element-a9cb85d elementor-widget elementor-widget-text-editor\" data-id=\"a9cb85d\" data-element_type=\"widget\" data-e-type=\"widget\" data-widget_type=\"text-editor.default\">\n\t\t\t\t<div class=\"elementor-widget-container\">\n\t\t\t\t\t\t\t\t\t<p data-renderer-start-pos=\"5579\" data-local-id=\"ca153ef8-0f8e-4bc1-b978-afaeef1f4f98\"><strong data-renderer-mark=\"true\">Interviewer:<\/strong> Herzlichen Gl\u00fcckwunsch, Franz! Du bist Kammersieger der IHK Oldenburg geworden. Wie hast du diese Nachricht eigentlich aufgenommen? Was war dein erster Gedanke?<\/p><p data-renderer-start-pos=\"5754\" data-local-id=\"40bef251-31b1-4326-947f-00b2fa3f0dad\"><strong data-renderer-mark=\"true\">Franz:<\/strong> Danke! Ich habe mich nat\u00fcrlich gefreut. Im ersten Moment war ich aber eher \u00fcberrascht, dass es f\u00fcr gute Leistungen \u00fcberhaupt eine extra Auszeichnung gibt. Der Preis an sich war mir n\u00e4mlich gar nicht so wichtig. Gute Noten zu schreiben war vielmehr meine eigene Aspiration und mein pers\u00f6nlicher Anspruch an mich selbst. Die Auszeichnung ist dann nat\u00fcrlich eine sch\u00f6ne Best\u00e4tigung daf\u00fcr.<\/p><p data-renderer-start-pos=\"6148\" data-local-id=\"9a26c281-6f1b-41fb-acd9-a96e27f3fd7e\"><strong data-renderer-mark=\"true\">Interviewer:<\/strong> Was glaubst du pers\u00f6nlich hat den Unterschied gemacht? Was hat dich in der Ausbildung besonders vorangebracht?<\/p><p data-renderer-start-pos=\"6273\" data-local-id=\"74ab0acc-2d3a-428c-a421-34158c0027f3\"><strong data-renderer-mark=\"true\">Franz:<\/strong> Ganz klar die Vorbereitung im Team. Wir haben uns schon fr\u00fch mit anderen Azubis zusammengesetzt und w\u00f6chentliche Treffen organisiert. Das haben wir \u00fcber Monate hinweg durchgezogen. Durch diese strukturelle Verteilung des Lernstoffs \u00fcber die ganze Zeit hinweg haben wir uns den Stress erspart. Klassisches \u201eBulimielernen\u201c kurz vor knapp gab es bei mir nicht. Im Gegenteil konnte ich den Tag vor der Pr\u00fcfung komplett entspannt verbringen, weil ich wusste, dass der Stoff sitzt.<\/p>\t\t\t\t\t\t\t\t<\/div>\n\t\t\t\t<\/div>\n\t\t\t\t<div class=\"elementor-element elementor-element-28d2936 elementor-widget elementor-widget-heading\" data-id=\"28d2936\" data-element_type=\"widget\" data-e-type=\"widget\" data-widget_type=\"heading.default\">\n\t\t\t\t<div class=\"elementor-widget-container\">\n\t\t\t\t\t<h2 class=\"elementor-heading-title elementor-size-default\">Die Ausbildung bei erminas<\/h2>\t\t\t\t<\/div>\n\t\t\t\t<\/div>\n\t\t\t\t<div class=\"elementor-element elementor-element-b2a4158 elementor-widget elementor-widget-text-editor\" data-id=\"b2a4158\" data-element_type=\"widget\" data-e-type=\"widget\" data-widget_type=\"text-editor.default\">\n\t\t\t\t<div class=\"elementor-widget-container\">\n\t\t\t\t\t\t\t\t\t<p data-renderer-start-pos=\"6785\" data-local-id=\"f3bdd3f1-e727-4111-9d6c-3b84033b469d\"><strong data-renderer-mark=\"true\">Interviewer:<\/strong> Beschreib mal deinen ersten Monat bei erminas. Wie war der Einstieg f\u00fcr dich?<\/p><p data-renderer-start-pos=\"6877\" data-local-id=\"b0df9a42-10fc-4b9c-ac7d-c1936e44d563\"><strong data-renderer-mark=\"true\">Franz:<\/strong> Es war anspruchsvoll, aber sehr angenehm. Ich wurde direkt in die Teamarbeit eingebunden. Da ich schon etwas Vorwissen mitgebracht habe, war die Einarbeitungszeit kurz und ich konnte sehr schnell an echten Projekten mitarbeiten. Reine theoretische \u00dcbungen gab es kaum.<\/p><p data-renderer-start-pos=\"7154\" data-local-id=\"d2ceb442-4ee6-4f5d-9f15-b07316c9b11a\"><strong data-renderer-mark=\"true\">Interviewer:<\/strong> Du hast ja verschiedene Bereiche wie IIoT, Frontend, Backend und Business Central kennengelernt. Wie war es f\u00fcr dich, so breit aufgestellt zu lernen?<\/p><p data-renderer-start-pos=\"7318\" data-local-id=\"1135bed4-7df3-4c79-86c0-96489616d55b\"><strong data-renderer-mark=\"true\">Franz:<\/strong> Es war sehr lehrreich, in alle Bereiche mal reinzuschauen. So konnte ich verstehen, was technisch \u00fcberhaupt alles m\u00f6glich ist. Dabei hat sich aber schnell herauskristallisiert, wo meine St\u00e4rken liegen. IoT und Backend lagen mir pers\u00f6nlich deutlich mehr als Frontend oder Business Central. Aber die Erfahrung und der Einblick in alles war wertvoll.<\/p><p data-renderer-start-pos=\"7674\" data-local-id=\"2c2312df-d92d-46c4-91e2-44fd3d90b4ed\"><strong data-renderer-mark=\"true\">Interviewer:<\/strong> Was war das coolste Projekt oder der spannendste Moment in deiner Ausbildung?<\/p><p data-renderer-start-pos=\"7766\" data-local-id=\"2cf2d224-0609-4b7a-ad77-54ad122236b5\"><strong data-renderer-mark=\"true\">Franz:<\/strong> Ich w\u00fcrde gar kein spezifisches Projekt nennen. F\u00fcr mich ist es am spannendsten, wenn man etwas von Grund auf neu aufsetzen kann. Ich liebe diese sogenannten Greenfield-Projekte. Den Beginn mitzuerleben sowie die Softwarearchitektur zu planen und zu steuern ist meine Traumumgebung.<\/p><p data-renderer-start-pos=\"8057\" data-local-id=\"5305b9ed-e709-4437-8950-c111cc7c3fd1\"><strong data-renderer-mark=\"true\">Interviewer:<\/strong> Hand aufs Herz: Haben dich die w\u00f6chentlichen Meetings mit der Gesch\u00e4ftsf\u00fchrung am Anfang nerv\u00f6s gemacht?<\/p><p data-renderer-start-pos=\"8176\" data-local-id=\"b656ff9f-fdfc-4e3e-8fe4-dc1cbdfdf338\"><strong data-renderer-mark=\"true\">Franz:<\/strong> Nein, das hat mich eigentlich gar nicht nerv\u00f6s gemacht. Man ist hier mit der Gesch\u00e4ftsleitung eh auf Du und Du, was den Umgang sehr locker macht. Au\u00dferdem unterst\u00fctzen sie uns auch bei technischen Problemen direkt. Wir haben hier einfach ein sehr entspanntes und famili\u00e4res Arbeitsklima, da gibt es keinen Grund f\u00fcr Nervosit\u00e4t.<\/p>\t\t\t\t\t\t\t\t<\/div>\n\t\t\t\t<\/div>\n\t\t\t\t<div class=\"elementor-element elementor-element-1787c68 elementor-widget elementor-widget-heading\" data-id=\"1787c68\" data-element_type=\"widget\" data-e-type=\"widget\" data-widget_type=\"heading.default\">\n\t\t\t\t<div class=\"elementor-widget-container\">\n\t\t\t\t\t<h2 class=\"elementor-heading-title elementor-size-default\">Entwicklung &amp; Zukunft<\/h2>\t\t\t\t<\/div>\n\t\t\t\t<\/div>\n\t\t\t\t<div class=\"elementor-element elementor-element-821a3c7 elementor-widget elementor-widget-text-editor\" data-id=\"821a3c7\" data-element_type=\"widget\" data-e-type=\"widget\" data-widget_type=\"text-editor.default\">\n\t\t\t\t<div class=\"elementor-widget-container\">\n\t\t\t\t\t\t\t\t\t<p data-renderer-start-pos=\"8535\" data-local-id=\"c0392773-7682-4525-979a-06680ab821c9\"><strong data-renderer-mark=\"true\">Interviewer:<\/strong> Wann war dir klar, dass Backend einfach dein Ding ist und was liegt dir eher weniger?<\/p><p data-renderer-start-pos=\"8635\" data-local-id=\"7a74872d-d333-4fa8-8101-0cf638330ca1\"><strong data-renderer-mark=\"true\">Franz:<\/strong> Das hat sich eigentlich \u00fcber das Ausschlussverfahren ergeben. Nach dem ersten Frontend-Projekt wusste ich sofort, dass UX-Design nicht meine Welt ist. Und auch mit Business Central und der Microsoft-Umgebung bin ich in dem Kontext noch nicht wirklich warm geworden. Im Backend f\u00fchle ich mich dagegen einfach wohl, das ist genau meins.<\/p><p data-renderer-start-pos=\"8978\" data-local-id=\"4d4660a5-3c3a-47ee-96bc-d77c38c6b8ee\"><strong data-renderer-mark=\"true\">Interviewer:<\/strong> Du bist ja nach der Ausbildung bei erminas geblieben. War das f\u00fcr dich schon w\u00e4hrend der Ausbildung klar?<\/p><p data-renderer-start-pos=\"9098\" data-local-id=\"3ba81f8c-6cbf-4f54-92e2-8e7926bb4fea\"><strong data-renderer-mark=\"true\">Franz:<\/strong> Ja, ich hatte von vornherein den Plan, dass ich gerne bleiben m\u00f6chte. Zum einen sieht es auf dem Lebenslauf einfach besser aus, wenn man nach der Ausbildung nicht direkt wechselt. Aber der Hauptgrund ist das Klima hier. Es ist immer angenehm und die Bezahlung stimmt. Warum sollte man also gehen? Ich hatte gehofft, \u00fcbernommen zu werden, und freue mich, dass es geklappt hat.<\/p>\t\t\t\t\t\t\t\t<\/div>\n\t\t\t\t<\/div>\n\t\t\t\t<div class=\"elementor-element elementor-element-0c3aedd elementor-widget elementor-widget-heading\" data-id=\"0c3aedd\" data-element_type=\"widget\" data-e-type=\"widget\" data-widget_type=\"heading.default\">\n\t\t\t\t<div class=\"elementor-widget-container\">\n\t\t\t\t\t<h2 class=\"elementor-heading-title elementor-size-default\">Tipps f\u00fcr neue Talente<\/h2>\t\t\t\t<\/div>\n\t\t\t\t<\/div>\n\t\t\t\t<div class=\"elementor-element elementor-element-65297d0 elementor-widget elementor-widget-text-editor\" data-id=\"65297d0\" data-element_type=\"widget\" data-e-type=\"widget\" data-widget_type=\"text-editor.default\">\n\t\t\t\t<div class=\"elementor-widget-container\">\n\t\t\t\t\t\t\t\t\t<p data-renderer-start-pos=\"6273\" data-local-id=\"74ab0acc-2d3a-428c-a421-34158c0027f3\"><strong data-renderer-mark=\"true\">Interviewer:<\/strong> Was w\u00fcrdest du jemandem sagen, der \u00fcberlegt, eine Ausbildung zum Fachinformatiker zu machen?<\/p><p data-renderer-start-pos=\"9613\" data-local-id=\"89e4a608-e4d1-4d9a-b15a-2705becc9b18\"><strong data-renderer-mark=\"true\">Franz:<\/strong> Ganz ehrlich muss ich sagen, dass man sich schon mal privat mit den Themen besch\u00e4ftigen sollte, bevor man die Ausbildung anf\u00e4ngt. Alle Inhalte findet man heute gratis online. Man muss nur die Zeit investieren. Wenn es einem keinen Spa\u00df macht, das freiwillig in der Freizeit zu tun, sollte man die Ausbildung lieber nicht machen. Das Feld entwickelt sich so schnell weiter und man muss sich st\u00e4ndig neue Dinge selbst aneignen. Wenn man daran keine Freude hat, wird man im Beruf vermutlich auch nicht gl\u00fccklich.<\/p><p data-renderer-start-pos=\"10131\" data-local-id=\"89ccb10b-2ab2-47ce-bb84-11b219fdff2a\"><strong data-renderer-mark=\"true\">Interviewer:<\/strong> Welchen Tipp w\u00fcrdest du einem neuen Azubi bei erminas geben?<\/p><p data-renderer-start-pos=\"10206\" data-local-id=\"14107f95-d88a-4896-8501-71d1698e59b9\"><strong data-renderer-mark=\"true\">Franz:<\/strong> Einen pauschalen Tipp oder den einen perfekten Weg gibt es nicht. Menschen sind individuell in ihrem Lernverhalten und m\u00fcssen ihre eigenen Methoden finden. Aber mein Angebot steht. Wer bei erminas eine Ausbildung startet, kann mich immer gerne pers\u00f6nlich fragen.<\/p><p data-renderer-start-pos=\"10477\" data-local-id=\"fe9d13a2-442a-47ef-9051-ff5cfc6d4bf7\"><strong data-renderer-mark=\"true\">Interviewer:<\/strong> Danke f\u00fcr das Gespr\u00e4ch, Franz, und nochmals Gl\u00fcckwunsch zum Kammersieg!<\/p><p data-renderer-start-pos=\"10477\" data-local-id=\"fe9d13a2-442a-47ef-9051-ff5cfc6d4bf7\">Falls ihr auch Lust auf eine Ausbildung bei erminas habt, bewerbt euch doch <a href=\"https:\/\/erminas.com\/de\/einblicke\/fachinformatiker-in-fur-anwendungsentwicklung\/\">hier<\/a>.<\/p>\t\t\t\t\t\t\t\t<\/div>\n\t\t\t\t<\/div>\n\t\t\t\t\t<\/div>\n\t\t\t\t<\/div>\n\t\t\t\t<\/div>\n\t\t","protected":false},"excerpt":{"rendered":"<p>Wir haben Grund zum Feiern, denn unser Franz hat seine Ausbildung zum Fachinformatiker nicht nur bestanden. Er hat sie als Kammersieger der IHK Oldenburg abgeschlossen. Das bedeutet, er hat das beste Pr\u00fcfungsergebnis in seinem Ausbildungsberuf im gesamten Bezirk erzielt. Eine Wahnsinnsleistung! Wir haben uns mit Franz zusammengesetzt und \u00fcber seinen Weg, die Ausbildung bei erminas [&hellip;]<\/p>\n","protected":false},"author":8,"featured_media":10448,"comment_status":"open","ping_status":"open","sticky":false,"template":"","format":"standard","meta":{"_seopress_robots_primary_cat":"","_seopress_titles_title":"","_seopress_titles_desc":"","_seopress_robots_index":"","iawp_total_views":27,"footnotes":""},"categories":[219,1,138],"tags":[],"class_list":["post-10346","post","type-post","status-publish","format-standard","has-post-thumbnail","hentry","category-ausbildung","category-erminas","category-veranstaltungen"],"_links":{"self":[{"href":"https:\/\/erminas.com\/de\/wp-json\/wp\/v2\/posts\/10346","targetHints":{"allow":["GET"]}}],"collection":[{"href":"https:\/\/erminas.com\/de\/wp-json\/wp\/v2\/posts"}],"about":[{"href":"https:\/\/erminas.com\/de\/wp-json\/wp\/v2\/types\/post"}],"author":[{"embeddable":true,"href":"https:\/\/erminas.com\/de\/wp-json\/wp\/v2\/users\/8"}],"replies":[{"embeddable":true,"href":"https:\/\/erminas.com\/de\/wp-json\/wp\/v2\/comments?post=10346"}],"version-history":[{"count":17,"href":"https:\/\/erminas.com\/de\/wp-json\/wp\/v2\/posts\/10346\/revisions"}],"predecessor-version":[{"id":10516,"href":"https:\/\/erminas.com\/de\/wp-json\/wp\/v2\/posts\/10346\/revisions\/10516"}],"wp:featuredmedia":[{"embeddable":true,"href":"https:\/\/erminas.com\/de\/wp-json\/wp\/v2\/media\/10448"}],"wp:attachment":[{"href":"https:\/\/erminas.com\/de\/wp-json\/wp\/v2\/media?parent=10346"}],"wp:term":[{"taxonomy":"category","embeddable":true,"href":"https:\/\/erminas.com\/de\/wp-json\/wp\/v2\/categories?post=10346"},{"taxonomy":"post_tag","embeddable":true,"href":"https:\/\/erminas.com\/de\/wp-json\/wp\/v2\/tags?post=10346"}],"curies":[{"name":"wp","href":"https:\/\/api.w.org\/{rel}","templated":true}]}}